{"id":11078,"date":"2024-04-22T09:17:46","date_gmt":"2024-04-22T09:17:46","guid":{"rendered":"https:\/\/bolzplatz-magazin.com\/?p=11078"},"modified":"2024-04-30T10:34:33","modified_gmt":"2024-04-30T10:34:33","slug":"die-nachwuchsstars-der-em","status":"publish","type":"post","link":"https:\/\/bolzplatz-magazin.com\/en\/die-nachwuchsstars-der-em\/","title":{"rendered":"Die Nachwuchsstars der EM"},"content":{"rendered":"<div data-elementor-type=\"wp-post\" data-elementor-id=\"11078\" class=\"elementor elementor-11078\" data-elementor-post-type=\"post\">\n\t\t\t\t\t\t<section class=\"elementor-section elementor-top-section elementor-element elementor-element-1ecfa1d8 elementor-section-boxed elementor-section-height-default elementor-section-height-default qodef-elementor-content-no\" data-id=\"1ecfa1d8\" data-element_type=\"section\" data-e-type=\"section\">\n\t\t\t\t\t\t<div class=\"elementor-container elementor-column-gap-default\">\n\t\t\t\t\t<div class=\"elementor-column elementor-col-100 elementor-top-column elementor-element elementor-element-713ed417\" data-id=\"713ed417\" data-element_type=\"column\" data-e-type=\"column\">\n\t\t\t<div class=\"elementor-widget-wrap elementor-element-populated\">\n\t\t\t\t\t\t<div class=\"elementor-element elementor-element-7b4a80aa elementor-widget elementor-widget-text-editor\" data-id=\"7b4a80aa\" data-element_type=\"widget\" data-e-type=\"widget\" data-widget_type=\"text-editor.default\">\n\t\t\t\t<div class=\"elementor-widget-container\">\n\t\t\t\t\t\t\t\t\t<p class=\"p1\"><strong>Auf der Suche nach dem n\u00e4chsten Nachwuchsstar: Wer wird der beste junge Spieler der EM 2024?<\/strong><\/p>\n<p class=\"p1\">Die Europameisterschaft 2024 steht vor der T\u00fcr und Fu\u00dfballfans weltweit sind gespannt darauf, welche Talente sich w\u00e4hrend des Turniers durchsetzen werden. Neben der Spannung um den Titelgewinn gibt es auch die Frage, wer mit dem Preis f\u00fcr den besten Nachwuchsspieler ausgezeichnet wird. Die UEFA verleiht diese Auszeichnung an Spieler, die im Turnierjahr das 23. Lebensjahr noch nicht vollendet haben. Doch wer sind die vielversprechenden Kandidaten?<\/p>\n<p class=\"p1\">Hier sind einige Spieler, die im Rennen um den begehrten Titel stehen:<\/p>\n<p>\u00a0<\/p>\n<div id=\"attachment_11135\" style=\"width: 310px\" class=\"wp-caption alignnone\"><img fetchpriority=\"high\" decoding=\"async\" aria-describedby=\"caption-attachment-11135\" class=\"wp-image-11135 size-medium\" src=\"https:\/\/bolzplatz-magazin.com\/wp-content\/uploads\/2024\/04\/imago1043013903h-300x200.jpg\" alt=\"\" width=\"300\" height=\"200\" srcset=\"https:\/\/bolzplatz-magazin.com\/wp-content\/uploads\/2024\/04\/imago1043013903h-300x200.jpg 300w, https:\/\/bolzplatz-magazin.com\/wp-content\/uploads\/2024\/04\/imago1043013903h-1024x683.jpg 1024w, https:\/\/bolzplatz-magazin.com\/wp-content\/uploads\/2024\/04\/imago1043013903h-768x512.jpg 768w, https:\/\/bolzplatz-magazin.com\/wp-content\/uploads\/2024\/04\/imago1043013903h-1536x1024.jpg 1536w, https:\/\/bolzplatz-magazin.com\/wp-content\/uploads\/2024\/04\/imago1043013903h-2048x1365.jpg 2048w, https:\/\/bolzplatz-magazin.com\/wp-content\/uploads\/2024\/04\/imago1043013903h-18x12.jpg 18w, https:\/\/bolzplatz-magazin.com\/wp-content\/uploads\/2024\/04\/imago1043013903h-600x400.jpg 600w\" sizes=\"(max-width: 300px) 100vw, 300px\" \/><p id=\"caption-attachment-11135\" class=\"wp-caption-text\">Lamine Yamal (Spanien), der Fl\u00fcgelflitzer<\/p><\/div>\n<p class=\"p1\"><b>Lamine Yamal (Spanien)<\/b><\/p>\n<ul>\n<li class=\"p1\"><span class=\"Apple-converted-space\">\u00a0 \u00a0 <\/span>Geb.\/Alter: 13.07.2007 (16)<\/li>\n<li class=\"p1\"><span class=\"Apple-converted-space\">\u00a0 \u00a0 <\/span>Gr\u00f6\u00dfe: 1,78 m<\/li>\n<li class=\"p1\"><span class=\"Apple-converted-space\">\u00a0 \u00a0 <\/span>Position: Rechtsau\u00dfen<\/li>\n<li class=\"p1\"><span class=\"Apple-converted-space\">\u00a0 \u00a0 <\/span>Aktueller Verein: FC Barcelona<\/li>\n<\/ul>\n<p class=\"p1\">Yamal, der Fl\u00fcgelflitzer des FC Barcelona, k\u00f6nnte als einer der j\u00fcngsten Spieler des Turniers zu einem der Stars werden. Mit seinem beeindruckenden Deb\u00fct f\u00fcr Barcelona und der spanischen Nationalmannschaft hat er bereits sein au\u00dfergew\u00f6hnliches Talent unter Beweis gestellt. Mit seinem Tor gegen Georgien im Oktober 2023 ging er als j\u00fcngster Torsch\u00fctze der spanischen Geschichte ein und der EM-Quali generell ein.<\/p>\n<p>\u00a0<\/p>\n<div id=\"attachment_11134\" style=\"width: 263px\" class=\"wp-caption alignnone\"><img decoding=\"async\" aria-describedby=\"caption-attachment-11134\" class=\"size-medium wp-image-11134\" src=\"https:\/\/bolzplatz-magazin.com\/wp-content\/uploads\/2024\/04\/imago1042959882h-253x300.jpg\" alt=\"\" width=\"253\" height=\"300\" srcset=\"https:\/\/bolzplatz-magazin.com\/wp-content\/uploads\/2024\/04\/imago1042959882h-253x300.jpg 253w, https:\/\/bolzplatz-magazin.com\/wp-content\/uploads\/2024\/04\/imago1042959882h-863x1024.jpg 863w, https:\/\/bolzplatz-magazin.com\/wp-content\/uploads\/2024\/04\/imago1042959882h-768x911.jpg 768w, https:\/\/bolzplatz-magazin.com\/wp-content\/uploads\/2024\/04\/imago1042959882h-1295x1536.jpg 1295w, https:\/\/bolzplatz-magazin.com\/wp-content\/uploads\/2024\/04\/imago1042959882h-1727x2048.jpg 1727w, https:\/\/bolzplatz-magazin.com\/wp-content\/uploads\/2024\/04\/imago1042959882h-10x12.jpg 10w, https:\/\/bolzplatz-magazin.com\/wp-content\/uploads\/2024\/04\/imago1042959882h-600x712.jpg 600w\" sizes=\"(max-width: 253px) 100vw, 253px\" \/><p id=\"caption-attachment-11134\" class=\"wp-caption-text\">Eduardo Camavinga (Frankreich), starker Mittelfeld-Motor<\/p><\/div>\n<p class=\"p1\"><b>Eduardo Camavinga (Frankreich)<\/b><\/p>\n<ul>\n<li class=\"p1\"><span class=\"Apple-converted-space\">\u00a0 \u00a0 <\/span>Geb.\/Alter: 10.11.2002 (21)<\/li>\n<li class=\"p1\"><span class=\"Apple-converted-space\">\u00a0 \u00a0 <\/span>Gr\u00f6\u00dfe: 1,82 m<\/li>\n<li class=\"p1\"><span class=\"Apple-converted-space\">\u00a0 \u00a0 <\/span>Position: Zentrales Mittelfeld<\/li>\n<li class=\"p1\"><span class=\"Apple-converted-space\">\u00a0 \u00a0 <\/span>Aktueller Verein: Real Madrid<\/li>\n<\/ul>\n<p class=\"p1\">Camavinga, der bei Real Madrid spielt, gilt als eines der gr\u00f6\u00dften Talente Frankreichs. Seine F\u00e4higkeiten im zentralen Mittelfeld k\u00f6nnten ihm helfen, eine wichtige Rolle f\u00fcr sein Team bei der EM zu spielen. Zudem stand er schon in einem WM-Finale. Er ist w\u00e4hrend des Turniers 21 Jahre alt und will es nat\u00fcrlich auch ins EM-Finale schaffen.<\/p>\n<p>\u00a0<\/p>\n<p class=\"p1\"><b>Pedri (Spanien)<\/b><\/p>\n<ul>\n<li class=\"p1\"><span class=\"Apple-converted-space\">\u00a0 \u00a0 <\/span>Geb.\/Alter: 25.11.2002 (21)<\/li>\n<li class=\"p1\"><span class=\"Apple-converted-space\">\u00a0 \u00a0 <\/span>Gr\u00f6\u00dfe: 1,74 m<\/li>\n<li class=\"p1\"><span class=\"Apple-converted-space\">\u00a0 \u00a0 <\/span>Position: Zentrales Mittelfeld<\/li>\n<li class=\"p1\"><span class=\"Apple-converted-space\">\u00a0 \u00a0 <\/span>Aktueller Verein: FC Barcelona<\/li>\n<\/ul>\n<p class=\"p1\">Als Titelverteidiger ist Pedri selbst einer der hei\u00dfesten Anw\u00e4rter auf den Preis. Mit seinem beeindruckenden Spielstil und seiner Erfahrung auf h\u00f6chstem Niveau k\u00f6nnte er erneut die Krone als bester Nachwuchsspieler holen. Auch er spielt beim FC Barcelona. Der Club hat eine lange Tradition in der Entwicklung von Talenten.<\/p>\n<p>\u00a0<\/p>\n<div id=\"attachment_11125\" style=\"width: 310px\" class=\"wp-caption alignnone\"><img decoding=\"async\" aria-describedby=\"caption-attachment-11125\" class=\"size-medium wp-image-11125\" src=\"https:\/\/bolzplatz-magazin.com\/wp-content\/uploads\/2024\/04\/imago1043284264h-300x192.jpg\" alt=\"\" width=\"300\" height=\"192\" srcset=\"https:\/\/bolzplatz-magazin.com\/wp-content\/uploads\/2024\/04\/imago1043284264h-300x192.jpg 300w, https:\/\/bolzplatz-magazin.com\/wp-content\/uploads\/2024\/04\/imago1043284264h-1024x656.jpg 1024w, https:\/\/bolzplatz-magazin.com\/wp-content\/uploads\/2024\/04\/imago1043284264h-768x492.jpg 768w, https:\/\/bolzplatz-magazin.com\/wp-content\/uploads\/2024\/04\/imago1043284264h-1536x984.jpg 1536w, https:\/\/bolzplatz-magazin.com\/wp-content\/uploads\/2024\/04\/imago1043284264h-2048x1312.jpg 2048w, https:\/\/bolzplatz-magazin.com\/wp-content\/uploads\/2024\/04\/imago1043284264h-18x12.jpg 18w, https:\/\/bolzplatz-magazin.com\/wp-content\/uploads\/2024\/04\/imago1043284264h-600x384.jpg 600w\" sizes=\"(max-width: 300px) 100vw, 300px\" \/><p id=\"caption-attachment-11125\" class=\"wp-caption-text\">Florian Wirtz am Ball<\/p><\/div>\n<p class=\"p1\"><b>Florian Wirtz (Deutschland)<\/b><\/p>\n<ul>\n<li class=\"p1\"><span class=\"Apple-converted-space\">\u00a0 \u00a0 <\/span>Geb.\/Alter: 03.05.2003 (20)<\/li>\n<li class=\"p1\"><span class=\"Apple-converted-space\">\u00a0 \u00a0 <\/span>Gr\u00f6\u00dfe: 1,77 m<\/li>\n<li class=\"p1\"><span class=\"Apple-converted-space\">\u00a0 \u00a0 <\/span>Position: Offensives Mittelfeld<\/li>\n<li class=\"p1\"><span class=\"Apple-converted-space\">\u00a0 \u00a0 <\/span>Aktueller Verein: Bayer 04 Leverkusen<\/li>\n<\/ul>\n<p class=\"p1\">Wirtz, der bei Bayer Leverkusen spielt, ist eine der gr\u00f6\u00dften Hoffnungen f\u00fcr Fu\u00dfball-Deutschland. Trotz seines jungen Alters hat er bereits gezeigt, dass er ein herausragender Spieler ist und k\u00f6nnte bei der EM sein volles Potenzial entfalten. Auch er gilt als einer der spannendsten jungen Spieler bei der diesj\u00e4hrigen Europameisterschaft.<\/p>\n<p>\u00a0<\/p>\n<div id=\"attachment_11137\" style=\"width: 310px\" class=\"wp-caption alignnone\"><img loading=\"lazy\" decoding=\"async\" aria-describedby=\"caption-attachment-11137\" class=\"size-medium wp-image-11137\" src=\"https:\/\/bolzplatz-magazin.com\/wp-content\/uploads\/2024\/04\/imago1043039746h-300x192.jpg\" alt=\"\" width=\"300\" height=\"192\" srcset=\"https:\/\/bolzplatz-magazin.com\/wp-content\/uploads\/2024\/04\/imago1043039746h-300x192.jpg 300w, https:\/\/bolzplatz-magazin.com\/wp-content\/uploads\/2024\/04\/imago1043039746h-1024x655.jpg 1024w, https:\/\/bolzplatz-magazin.com\/wp-content\/uploads\/2024\/04\/imago1043039746h-768x491.jpg 768w, https:\/\/bolzplatz-magazin.com\/wp-content\/uploads\/2024\/04\/imago1043039746h-1536x983.jpg 1536w, https:\/\/bolzplatz-magazin.com\/wp-content\/uploads\/2024\/04\/imago1043039746h-2048x1311.jpg 2048w, https:\/\/bolzplatz-magazin.com\/wp-content\/uploads\/2024\/04\/imago1043039746h-18x12.jpg 18w, https:\/\/bolzplatz-magazin.com\/wp-content\/uploads\/2024\/04\/imago1043039746h-600x384.jpg 600w\" sizes=\"(max-width: 300px) 100vw, 300px\" \/><p id=\"caption-attachment-11137\" class=\"wp-caption-text\">Jude Bellingham (England), der Spielgestalter<\/p><\/div>\n<p class=\"p1\"><b>Jude Bellingham (England)<\/b><\/p>\n<ul>\n<li class=\"p1\"><span class=\"Apple-converted-space\">\u00a0 \u00a0 <\/span>Geb.\/Alter: 29.06.2003 (20)<\/li>\n<li class=\"p1\"><span class=\"Apple-converted-space\">\u00a0\u00a0 <\/span>Gr\u00f6\u00dfe: 1,86 m<\/li>\n<li class=\"p1\"><span class=\"Apple-converted-space\">\u00a0 \u00a0 <\/span>Position: Offensives Mittelfeld<\/li>\n<li class=\"p1\"><span class=\"Apple-converted-space\">\u00a0 \u00a0 <\/span>Aktueller Verein: Real Madrid<\/li>\n<\/ul>\n<p class=\"p1\">Bellingham ist mit seinen 21 Jahren bereits der Topstars bei Real Madrid und bei der EM f\u00fcr die englische Nationalmannschaft auflaufen. Seine F\u00e4higkeiten im Mittelfeld machen ihn zu einem potenziellen Kandidaten f\u00fcr den Preis des besten jungen Spielers. Bei der EM 2021 wurde er mit im Alter von 17 Jahren und 349 Tagen j\u00fcngster EM-Spieler aller Zeiten.<\/p>\n<p>\u00a0<\/p>\n<p class=\"p1\"><b>Jamal Musiala (Deutschland)<\/b><\/p>\n<ul>\n<li class=\"p1\"><span class=\"Apple-converted-space\">\u00a0 \u00a0 <\/span>Geb.\/Alter: 26.02.2003 (21)<\/li>\n<li class=\"p1\"><span class=\"Apple-converted-space\">\u00a0 \u00a0 <\/span>Gr\u00f6\u00dfe: 1,84 m<\/li>\n<li class=\"p1\"><span class=\"Apple-converted-space\">\u00a0 \u00a0 <\/span>Aktueller Verein: Bayern M\u00fcnchen<\/li>\n<li class=\"p1\"><span class=\"Apple-converted-space\">\u00a0 \u00a0 <\/span>Position: Offensives Mittelfeld<\/li>\n<\/ul>\n<p class=\"p1\">Musiala ist bereits ein erfahrener Spieler, der f\u00fcr Bayern M\u00fcnchen und die deutsche Nationalmannschaft spielt. Seine F\u00e4higkeiten und sein Erfahrungsschatz k\u00f6nnten ihm helfen, bei der EM herauszuragen. Musiala ist einer der erfolgreichsten U21-Spieler in der Geschichte des Sports.<\/p>\n<p>\u00a0<\/p>\n<p class=\"p1\"><b>Xavi Simons (Niederlande)<\/b><\/p>\n<ul>\n<li class=\"p1\"><span class=\"Apple-converted-space\">\u00a0 \u00a0 <\/span>Geb.\/Alter: 21.04.2003 (20)<\/li>\n<li class=\"p1\"><span class=\"Apple-converted-space\">\u00a0 \u00a0 <\/span>Gr\u00f6\u00dfe: 1,79 m<\/li>\n<li class=\"p1\"><span class=\"Apple-converted-space\">\u00a0 \u00a0 <\/span>Position: Offensives Mittelfeld<\/li>\n<li class=\"p1\"><span class=\"Apple-converted-space\">\u00a0 \u00a0 <\/span>Aktueller Verein: RasenBallsport Leipzig<\/li>\n<\/ul>\n<p class=\"p1\">Simons, der bei Rasenballsport Leipzig spielt und zurzeit bei Paris Saint-Germain unter Vertrag steht, wird ebenfalls als einer der aufregendsten jungen Spieler gehandelt. Seine F\u00e4higkeiten im Mittelfeld k\u00f6nnten ihn zu einem der besten Spieler des Turniers machen.<\/p>\n<p>\u00a0<\/p>\n<p class=\"p1\"><strong>Wer vergibt den Preis?<\/strong><\/p>\n<p class=\"p1\">Die Vergabe des Preises f\u00fcr den besten Nachwuchsspieler erfolgt durch eine Gruppe von \u201eTechnischen Beobachtern\u201c, die alle Spiele der EM genau verfolgen und die Leistungen der Spieler bewerten. Kriterien sind unter anderem der Einfluss auf die Leistungen des Teams, eine positive Einstellung auf dem Platz und Respekt f\u00fcr die Gegner. Selbstverst\u00e4ndlich wird die Auszeichnung auch bei der EM 2024 in Deutschland vergeben. Wer letztendlich den Preis gewinnt, bleibt spannend und wird die Fu\u00dfballwelt sicherlich weiterhin begeistern.<\/p>\t\t\t\t\t\t\t\t<\/div>\n\t\t\t\t<\/div>\n\t\t\t\t\t<\/div>\n\t\t<\/div>\n\t\t\t\t\t<\/div>\n\t\t<\/section>\n\t\t\t\t<section class=\"elementor-section elementor-top-section elementor-element elementor-element-676cf639 elementor-section-boxed elementor-section-height-default elementor-section-height-default qodef-elementor-content-no\" data-id=\"676cf639\" data-element_type=\"section\" data-e-type=\"section\">\n\t\t\t\t\t\t<div class=\"elementor-container elementor-column-gap-default\">\n\t\t\t\t\t<div class=\"elementor-column elementor-col-100 elementor-top-column elementor-element elementor-element-6127a64b\" data-id=\"6127a64b\" data-element_type=\"column\" data-e-type=\"column\">\n\t\t\t<div class=\"elementor-widget-wrap elementor-element-populated\">\n\t\t\t\t\t\t<div class=\"elementor-element elementor-element-6c2d5550 elementor-widget elementor-widget-heading\" data-id=\"6c2d5550\" data-element_type=\"widget\" data-e-type=\"widget\" data-widget_type=\"heading.default\">\n\t\t\t\t<div class=\"elementor-widget-container\">\n\t\t\t\t\t<h5 class=\"elementor-heading-title elementor-size-default\">Dir gef\u00e4llt dieser Beitrag? Dann teile ihn doch gern mit deinen Freunden. <\/h5>\t\t\t\t<\/div>\n\t\t\t\t<\/div>\n\t\t\t\t<div class=\"elementor-element elementor-element-4bd03c88 elementor-share-buttons--skin-minimal elementor-share-buttons--shape-circle elementor-share-buttons--view-icon-text elementor-grid-0 elementor-share-buttons--color-official elementor-widget elementor-widget-share-buttons\" data-id=\"4bd03c88\" data-element_type=\"widget\" data-e-type=\"widget\" data-widget_type=\"share-buttons.default\">\n\t\t\t\t<div class=\"elementor-widget-container\">\n\t\t\t\t\t\t\t<div class=\"elementor-grid\" role=\"list\">\n\t\t\t\t\t\t\t\t<div class=\"elementor-grid-item\" role=\"listitem\">\n\t\t\t\t\t\t<div class=\"elementor-share-btn elementor-share-btn_pinterest\" role=\"button\" tabindex=\"0\" aria-label=\"Teilen auf pinterest\">\n\t\t\t\t\t\t\t\t\t\t\t\t\t\t\t<span class=\"elementor-share-btn__icon\">\n\t\t\t\t\t\t\t\t<i class=\"fab fa-pinterest\" aria-hidden=\"true\"><\/i>\t\t\t\t\t\t\t<\/span>\n\t\t\t\t\t\t\t\t\t\t\t\t\t\t\t\t\t\t\t\t\t\t<div class=\"elementor-share-btn__text\">\n\t\t\t\t\t\t\t\t\t\t\t\t\t\t\t\t\t\t\t<span class=\"elementor-share-btn__title\">\n\t\t\t\t\t\t\t\t\t\tPinterest\t\t\t\t\t\t\t\t\t<\/span>\n\t\t\t\t\t\t\t\t\t\t\t\t\t\t\t\t\t<\/div>\n\t\t\t\t\t\t\t\t\t\t\t\t\t<\/div>\n\t\t\t\t\t<\/div>\n\t\t\t\t\t\t\t\t\t<div class=\"elementor-grid-item\" role=\"listitem\">\n\t\t\t\t\t\t<div class=\"elementor-share-btn elementor-share-btn_whatsapp\" role=\"button\" tabindex=\"0\" aria-label=\"Teilen auf whatsapp\">\n\t\t\t\t\t\t\t\t\t\t\t\t\t\t\t<span class=\"elementor-share-btn__icon\">\n\t\t\t\t\t\t\t\t<i class=\"fab fa-whatsapp\" aria-hidden=\"true\"><\/i>\t\t\t\t\t\t\t<\/span>\n\t\t\t\t\t\t\t\t\t\t\t\t\t\t\t\t\t\t\t\t\t\t<div class=\"elementor-share-btn__text\">\n\t\t\t\t\t\t\t\t\t\t\t\t\t\t\t\t\t\t\t<span class=\"elementor-share-btn__title\">\n\t\t\t\t\t\t\t\t\t\tWhatsApp\t\t\t\t\t\t\t\t\t<\/span>\n\t\t\t\t\t\t\t\t\t\t\t\t\t\t\t\t\t<\/div>\n\t\t\t\t\t\t\t\t\t\t\t\t\t<\/div>\n\t\t\t\t\t<\/div>\n\t\t\t\t\t\t\t\t\t<div class=\"elementor-grid-item\" role=\"listitem\">\n\t\t\t\t\t\t<div class=\"elementor-share-btn elementor-share-btn_email\" role=\"button\" tabindex=\"0\" aria-label=\"Teilen auf email\">\n\t\t\t\t\t\t\t\t\t\t\t\t\t\t\t<span class=\"elementor-share-btn__icon\">\n\t\t\t\t\t\t\t\t<i class=\"fas fa-envelope\" aria-hidden=\"true\"><\/i>\t\t\t\t\t\t\t<\/span>\n\t\t\t\t\t\t\t\t\t\t\t\t\t\t\t\t\t\t\t\t\t\t<div class=\"elementor-share-btn__text\">\n\t\t\t\t\t\t\t\t\t\t\t\t\t\t\t\t\t\t\t<span class=\"elementor-share-btn__title\">\n\t\t\t\t\t\t\t\t\t\tEmail\t\t\t\t\t\t\t\t\t<\/span>\n\t\t\t\t\t\t\t\t\t\t\t\t\t\t\t\t\t<\/div>\n\t\t\t\t\t\t\t\t\t\t\t\t\t<\/div>\n\t\t\t\t\t<\/div>\n\t\t\t\t\t\t<\/div>\n\t\t\t\t\t\t<\/div>\n\t\t\t\t<\/div>\n\t\t\t\t<section class=\"elementor-section elementor-inner-section elementor-element elementor-element-6d0eb3b7 elementor-section-boxed elementor-section-height-default elementor-section-height-default qodef-elementor-content-no\" data-id=\"6d0eb3b7\" data-element_type=\"section\" data-e-type=\"section\">\n\t\t\t\t\t\t<div class=\"elementor-container elementor-column-gap-default\">\n\t\t\t\t\t<div class=\"elementor-column elementor-col-33 elementor-inner-column elementor-element elementor-element-1ba58939\" data-id=\"1ba58939\" data-element_type=\"column\" data-e-type=\"column\">\n\t\t\t<div class=\"elementor-widget-wrap\">\n\t\t\t\t\t\t\t<\/div>\n\t\t<\/div>\n\t\t\t\t<div class=\"elementor-column elementor-col-33 elementor-inner-column elementor-element elementor-element-654331a\" data-id=\"654331a\" data-element_type=\"column\" data-e-type=\"column\" data-settings=\"{&quot;background_background&quot;:&quot;classic&quot;}\">\n\t\t\t<div class=\"elementor-widget-wrap elementor-element-populated\">\n\t\t\t\t\t\t<div class=\"elementor-element elementor-element-373718b5 elementor-author-box--layout-image-left elementor-widget elementor-widget-author-box\" data-id=\"373718b5\" data-element_type=\"widget\" data-e-type=\"widget\" data-widget_type=\"author-box.default\">\n\t\t\t\t<div class=\"elementor-widget-container\">\n\t\t\t\t\t\t\t<div class=\"elementor-author-box\">\n\t\t\t\t\t\t\t<div  class=\"elementor-author-box__avatar\">\n\t\t\t\t\t<img decoding=\"async\" src=\"https:\/\/bolzplatz-magazin.com\/wp-content\/uploads\/2023\/05\/BPM-Team-Member-1_low-245x300.jpg\" alt=\"Picture of Niko\" loading=\"lazy\">\n\t\t\t\t<\/div>\n\t\t\t\n\t\t\t<div class=\"elementor-author-box__text\">\n\t\t\t\t\t\t\t\t\t<div >\n\t\t\t\t\t\t<h4 class=\"elementor-author-box__name\">\n\t\t\t\t\t\t\tNiko\t\t\t\t\t\t<\/h4>\n\t\t\t\t\t<\/div>\n\t\t\t\t\n\t\t\t\t\t\t\t\t\t<div class=\"elementor-author-box__bio\">\n\t\t\t\t\t\t<p>Offensives Mittelfeld, 1. FC Kaiserslautern-Fan und Redakteur<\/p>\n\t\t\t\t\t<\/div>\n\t\t\t\t\n\t\t\t\t\t\t\t<\/div>\n\t\t<\/div>\n\t\t\t\t\t\t<\/div>\n\t\t\t\t<\/div>\n\t\t\t\t<div class=\"elementor-element elementor-element-4ac2f382 elementor-icon-list--layout-inline elementor-align-center elementor-list-item-link-full_width elementor-widget elementor-widget-icon-list\" data-id=\"4ac2f382\" data-element_type=\"widget\" data-e-type=\"widget\" data-widget_type=\"icon-list.default\">\n\t\t\t\t<div class=\"elementor-widget-container\">\n\t\t\t\t\t\t\t<ul class=\"elementor-icon-list-items elementor-inline-items\">\n\t\t\t\t\t\t\t<li class=\"elementor-icon-list-item elementor-inline-item\">\n\t\t\t\t\t\t\t\t\t\t\t<a href=\"https:\/\/www.instagram.com\/bolzplatzmag\/\">\n\n\t\t\t\t\t\t\t\t\t\t\t\t<span class=\"elementor-icon-list-icon\">\n\t\t\t\t\t\t\t<i aria-hidden=\"true\" class=\"fab fa-instagram\"><\/i>\t\t\t\t\t\t<\/span>\n\t\t\t\t\t\t\t\t\t\t<span class=\"elementor-icon-list-text\"><\/span>\n\t\t\t\t\t\t\t\t\t\t\t<\/a>\n\t\t\t\t\t\t\t\t\t<\/li>\n\t\t\t\t\t\t\t\t<li class=\"elementor-icon-list-item elementor-inline-item\">\n\t\t\t\t\t\t\t\t\t\t\t<a href=\"https:\/\/www.youtube.com\/@bolzplatzmag\">\n\n\t\t\t\t\t\t\t\t\t\t\t\t<span class=\"elementor-icon-list-icon\">\n\t\t\t\t\t\t\t<i aria-hidden=\"true\" class=\"fab fa-youtube\"><\/i>\t\t\t\t\t\t<\/span>\n\t\t\t\t\t\t\t\t\t\t<span class=\"elementor-icon-list-text\"><\/span>\n\t\t\t\t\t\t\t\t\t\t\t<\/a>\n\t\t\t\t\t\t\t\t\t<\/li>\n\t\t\t\t\t\t\t\t<li class=\"elementor-icon-list-item elementor-inline-item\">\n\t\t\t\t\t\t\t\t\t\t\t<a href=\"https:\/\/www.tiktok.com\/@bolzplatzmag\">\n\n\t\t\t\t\t\t\t\t\t\t\t\t<span class=\"elementor-icon-list-icon\">\n\t\t\t\t\t\t\t<i aria-hidden=\"true\" class=\"fab fa-tiktok\"><\/i>\t\t\t\t\t\t<\/span>\n\t\t\t\t\t\t\t\t\t\t<span class=\"elementor-icon-list-text\"><\/span>\n\t\t\t\t\t\t\t\t\t\t\t<\/a>\n\t\t\t\t\t\t\t\t\t<\/li>\n\t\t\t\t\t\t<\/ul>\n\t\t\t\t\t\t<\/div>\n\t\t\t\t<\/div>\n\t\t\t\t\t<\/div>\n\t\t<\/div>\n\t\t\t\t<div class=\"elementor-column elementor-col-33 elementor-inner-column elementor-element elementor-element-4d952bd5\" data-id=\"4d952bd5\" data-element_type=\"column\" data-e-type=\"column\">\n\t\t\t<div class=\"elementor-widget-wrap\">\n\t\t\t\t\t\t\t<\/div>\n\t\t<\/div>\n\t\t\t\t\t<\/div>\n\t\t<\/section>\n\t\t\t\t\t<\/div>\n\t\t<\/div>\n\t\t\t\t\t<\/div>\n\t\t<\/section>\n\t\t\t\t<section class=\"elementor-section elementor-top-section elementor-element elementor-element-20b5deea elementor-section-boxed elementor-section-height-default elementor-section-height-default qodef-elementor-content-no\" data-id=\"20b5deea\" data-element_type=\"section\" data-e-type=\"section\">\n\t\t\t\t\t\t<div class=\"elementor-container elementor-column-gap-default\">\n\t\t\t\t\t<div class=\"elementor-column elementor-col-100 elementor-top-column elementor-element elementor-element-63ea6c74\" data-id=\"63ea6c74\" data-element_type=\"column\" data-e-type=\"column\">\n\t\t\t<div class=\"elementor-widget-wrap elementor-element-populated\">\n\t\t\t\t\t\t<div class=\"elementor-element elementor-element-42996c1f elementor-align-center elementor-widget elementor-widget-post-info\" data-id=\"42996c1f\" data-element_type=\"widget\" data-e-type=\"widget\" data-widget_type=\"post-info.default\">\n\t\t\t\t<div class=\"elementor-widget-container\">\n\t\t\t\t\t\t\t<ul class=\"elementor-inline-items elementor-icon-list-items elementor-post-info\">\n\t\t\t\t\t\t\t\t<li class=\"elementor-icon-list-item elementor-repeater-item-b6c74f4 elementor-inline-item\" itemprop=\"author\">\n\t\t\t\t\t\t<a href=\"https:\/\/bolzplatz-magazin.com\/en\/author\/nadine\/\">\n\t\t\t\t\t\t\t\t\t\t\t<span class=\"elementor-icon-list-icon\">\n\t\t\t\t\t\t\t\t<i aria-hidden=\"true\" class=\"far fa-user-circle\"><\/i>\t\t\t\t\t\t\t<\/span>\n\t\t\t\t\t\t\t\t\t<span class=\"elementor-icon-list-text elementor-post-info__item elementor-post-info__item--type-author\">\n\t\t\t\t\t\t\t\t\t\tNadine\t\t\t\t\t<\/span>\n\t\t\t\t\t\t\t\t\t<\/a>\n\t\t\t\t<\/li>\n\t\t\t\t<li class=\"elementor-icon-list-item elementor-repeater-item-28ea338 elementor-inline-item\" itemprop=\"datePublished\">\n\t\t\t\t\t\t<a href=\"https:\/\/bolzplatz-magazin.com\/en\/2024\/04\/22\/\">\n\t\t\t\t\t\t\t\t\t\t\t<span class=\"elementor-icon-list-icon\">\n\t\t\t\t\t\t\t\t<i aria-hidden=\"true\" class=\"fas fa-calendar\"><\/i>\t\t\t\t\t\t\t<\/span>\n\t\t\t\t\t\t\t\t\t<span class=\"elementor-icon-list-text elementor-post-info__item elementor-post-info__item--type-date\">\n\t\t\t\t\t\t\t\t\t\t<time>22 April 24<\/time>\t\t\t\t\t<\/span>\n\t\t\t\t\t\t\t\t\t<\/a>\n\t\t\t\t<\/li>\n\t\t\t\t<li class=\"elementor-icon-list-item elementor-repeater-item-fcb2596 elementor-inline-item\">\n\t\t\t\t\t\t<a href=\"http:\/\/bolzplatz-magazin.com\/en\/stories\/\">\n\t\t\t\t\t\t\t\t\t\t\t<span class=\"elementor-icon-list-icon\">\n\t\t\t\t\t\t\t\t<i aria-hidden=\"true\" class=\"fas fa-tags\"><\/i>\t\t\t\t\t\t\t<\/span>\n\t\t\t\t\t\t\t\t\t<span class=\"elementor-icon-list-text elementor-post-info__item elementor-post-info__item--type-custom\">\n\t\t\t\t\t\t\t\t\t\tKategorien\t\t\t\t\t<\/span>\n\t\t\t\t\t\t\t\t\t<\/a>\n\t\t\t\t<\/li>\n\t\t\t\t<li class=\"elementor-icon-list-item elementor-repeater-item-9523baa elementor-inline-item\" itemprop=\"about\">\n\t\t\t\t\t\t\t\t\t\t<span class=\"elementor-icon-list-icon\">\n\t\t\t\t\t\t\t\t<i aria-hidden=\"true\" class=\"fas fa-tags\"><\/i>\t\t\t\t\t\t\t<\/span>\n\t\t\t\t\t\t\t\t\t<span class=\"elementor-icon-list-text elementor-post-info__item elementor-post-info__item--type-terms\">\n\t\t\t\t\t\t\t\t\t\t<span class=\"elementor-post-info__terms-list\">\n\t\t\t\t<a href=\"https:\/\/bolzplatz-magazin.com\/en\/tag\/em\/\" class=\"elementor-post-info__terms-list-item\">EM<\/a>, <a href=\"https:\/\/bolzplatz-magazin.com\/en\/tag\/nachwuchsstars\/\" class=\"elementor-post-info__terms-list-item\">Nachwuchsstars<\/a>, <a href=\"https:\/\/bolzplatz-magazin.com\/en\/tag\/team\/\" class=\"elementor-post-info__terms-list-item\">Team<\/a>\t\t\t\t<\/span>\n\t\t\t\t\t<\/span>\n\t\t\t\t\t\t\t\t<\/li>\n\t\t\t\t<li class=\"elementor-icon-list-item elementor-repeater-item-2202f8f elementor-inline-item\" itemprop=\"commentCount\">\n\t\t\t\t\t\t<a href=\"https:\/\/bolzplatz-magazin.com\/en\/die-nachwuchsstars-der-em\/#respond\">\n\t\t\t\t\t\t\t\t\t\t\t<span class=\"elementor-icon-list-icon\">\n\t\t\t\t\t\t\t\t<i aria-hidden=\"true\" class=\"far fa-comment-dots\"><\/i>\t\t\t\t\t\t\t<\/span>\n\t\t\t\t\t\t\t\t\t<span class=\"elementor-icon-list-text elementor-post-info__item elementor-post-info__item--type-comments\">\n\t\t\t\t\t\t\t\t\t\tNo Comments\t\t\t\t\t<\/span>\n\t\t\t\t\t\t\t\t\t<\/a>\n\t\t\t\t<\/li>\n\t\t\t\t<\/ul>\n\t\t\t\t\t\t<\/div>\n\t\t\t\t<\/div>\n\t\t\t\t<div class=\"elementor-element elementor-element-3dd0fde0 elementor-widget-divider--view-line elementor-widget elementor-widget-divider\" data-id=\"3dd0fde0\" data-element_type=\"widget\" data-e-type=\"widget\" data-widget_type=\"divider.default\">\n\t\t\t\t<div class=\"elementor-widget-container\">\n\t\t\t\t\t\t\t<div class=\"elementor-divider\">\n\t\t\t<span class=\"elementor-divider-separator\">\n\t\t\t\t\t\t<\/span>\n\t\t<\/div>\n\t\t\t\t\t\t<\/div>\n\t\t\t\t<\/div>\n\t\t\t\t<div class=\"elementor-element elementor-element-5a1eb3ac elementor-widget elementor-widget-heading\" data-id=\"5a1eb3ac\" data-element_type=\"widget\" data-e-type=\"widget\" data-widget_type=\"heading.default\">\n\t\t\t\t<div class=\"elementor-widget-container\">\n\t\t\t\t\t<h2 class=\"elementor-heading-title elementor-size-default\">Passende Artikel<\/h2>\t\t\t\t<\/div>\n\t\t\t\t<\/div>\n\t\t\t\t<div class=\"elementor-element elementor-element-6caadff elementor-posts--align-center elementor-grid-3 elementor-grid-tablet-2 elementor-grid-mobile-1 elementor-posts--thumbnail-top elementor-card-shadow-yes elementor-posts__hover-gradient elementor-widget elementor-widget-posts\" data-id=\"6caadff\" data-element_type=\"widget\" data-e-type=\"widget\" data-settings=\"{&quot;cards_row_gap&quot;:{&quot;unit&quot;:&quot;px&quot;,&quot;size&quot;:&quot;30&quot;,&quot;sizes&quot;:[]},&quot;cards_columns&quot;:&quot;3&quot;,&quot;cards_columns_tablet&quot;:&quot;2&quot;,&quot;cards_columns_mobile&quot;:&quot;1&quot;,&quot;cards_row_gap_tablet&quot;:{&quot;unit&quot;:&quot;px&quot;,&quot;size&quot;:&quot;&quot;,&quot;sizes&quot;:[]},&quot;cards_row_gap_mobile&quot;:{&quot;unit&quot;:&quot;px&quot;,&quot;size&quot;:&quot;&quot;,&quot;sizes&quot;:[]}}\" data-widget_type=\"posts.cards\">\n\t\t\t\t<div class=\"elementor-widget-container\">\n\t\t\t\t\t\t\t<div class=\"elementor-posts-container elementor-posts elementor-posts--skin-cards elementor-grid\" role=\"list\">\n\t\t\t\t<article class=\"elementor-post elementor-grid-item post-11078 post type-post status-publish format-standard has-post-thumbnail hentry category-stories tag-em tag-nachwuchsstars tag-team\" role=\"listitem\">\n\t\t\t<div class=\"elementor-post__card\">\n\t\t\t\t<a class=\"elementor-post__thumbnail__link\" href=\"https:\/\/bolzplatz-magazin.com\/en\/die-nachwuchsstars-der-em\/\" tabindex=\"-1\" ><div class=\"elementor-post__thumbnail\"><img loading=\"lazy\" decoding=\"async\" width=\"300\" height=\"192\" src=\"https:\/\/bolzplatz-magazin.com\/wp-content\/uploads\/2024\/04\/imago1043284264h-300x192.jpg\" class=\"attachment-medium size-medium wp-image-11125\" alt=\"\" srcset=\"https:\/\/bolzplatz-magazin.com\/wp-content\/uploads\/2024\/04\/imago1043284264h-300x192.jpg 300w, https:\/\/bolzplatz-magazin.com\/wp-content\/uploads\/2024\/04\/imago1043284264h-1024x656.jpg 1024w, https:\/\/bolzplatz-magazin.com\/wp-content\/uploads\/2024\/04\/imago1043284264h-768x492.jpg 768w, https:\/\/bolzplatz-magazin.com\/wp-content\/uploads\/2024\/04\/imago1043284264h-1536x984.jpg 1536w, https:\/\/bolzplatz-magazin.com\/wp-content\/uploads\/2024\/04\/imago1043284264h-2048x1312.jpg 2048w, https:\/\/bolzplatz-magazin.com\/wp-content\/uploads\/2024\/04\/imago1043284264h-18x12.jpg 18w, https:\/\/bolzplatz-magazin.com\/wp-content\/uploads\/2024\/04\/imago1043284264h-600x384.jpg 600w\" sizes=\"(max-width: 300px) 100vw, 300px\" \/><\/div><\/a>\n\t\t\t\t<div class=\"elementor-post__badge\">Stories<\/div>\n\t\t\t\t<div class=\"elementor-post__text\">\n\t\t\t\t<h3 class=\"elementor-post__title\">\n\t\t\t<a href=\"https:\/\/bolzplatz-magazin.com\/en\/die-nachwuchsstars-der-em\/\" >\n\t\t\t\tDie Nachwuchsstars der EM\t\t\t<\/a>\n\t\t<\/h3>\n\t\t\t\t<div class=\"elementor-post__excerpt\">\n\t\t\t<p>Auf der Suche nach dem n\u00e4chsten Nachwuchsstar: Wer wird der beste junge Spieler der EM 2024? Die Europameisterschaft 2024 steht vor der T\u00fcr und Fu\u00dfballfans weltweit sind gespannt darauf, welche<\/p>\n\t\t<\/div>\n\t\t\t\t<\/div>\n\t\t\t\t<div class=\"elementor-post__meta-data\">\n\t\t\t\t\t<span class=\"elementor-post-author\">\n\t\t\tNadine\t\t<\/span>\n\t\t\t\t<span class=\"elementor-post-date\">\n\t\t\tApril 22, 2024\t\t<\/span>\n\t\t\t\t<\/div>\n\t\t\t\t\t<\/div>\n\t\t<\/article>\n\t\t\t\t<article class=\"elementor-post elementor-grid-item post-11073 post type-post status-publish format-standard has-post-thumbnail hentry category-taktik-und-technik tag-offensive tag-taktiktraining tag-team\" role=\"listitem\">\n\t\t\t<div class=\"elementor-post__card\">\n\t\t\t\t<a class=\"elementor-post__thumbnail__link\" href=\"https:\/\/bolzplatz-magazin.com\/en\/offensiver-fluegel\/\" tabindex=\"-1\" ><div class=\"elementor-post__thumbnail\"><img loading=\"lazy\" decoding=\"async\" width=\"300\" height=\"200\" src=\"https:\/\/bolzplatz-magazin.com\/wp-content\/uploads\/2024\/04\/imago0444240718h-1-300x200.jpg\" class=\"attachment-medium size-medium wp-image-11089\" alt=\"\" srcset=\"https:\/\/bolzplatz-magazin.com\/wp-content\/uploads\/2024\/04\/imago0444240718h-1-300x200.jpg 300w, https:\/\/bolzplatz-magazin.com\/wp-content\/uploads\/2024\/04\/imago0444240718h-1-1024x683.jpg 1024w, https:\/\/bolzplatz-magazin.com\/wp-content\/uploads\/2024\/04\/imago0444240718h-1-768x512.jpg 768w, https:\/\/bolzplatz-magazin.com\/wp-content\/uploads\/2024\/04\/imago0444240718h-1-1536x1024.jpg 1536w, https:\/\/bolzplatz-magazin.com\/wp-content\/uploads\/2024\/04\/imago0444240718h-1-2048x1365.jpg 2048w, https:\/\/bolzplatz-magazin.com\/wp-content\/uploads\/2024\/04\/imago0444240718h-1-18x12.jpg 18w, https:\/\/bolzplatz-magazin.com\/wp-content\/uploads\/2024\/04\/imago0444240718h-1-600x400.jpg 600w\" sizes=\"(max-width: 300px) 100vw, 300px\" \/><\/div><\/a>\n\t\t\t\t<div class=\"elementor-post__badge\">Taktik und Technik<\/div>\n\t\t\t\t<div class=\"elementor-post__text\">\n\t\t\t\t<h3 class=\"elementor-post__title\">\n\t\t\t<a href=\"https:\/\/bolzplatz-magazin.com\/en\/offensiver-fluegel\/\" >\n\t\t\t\tOffensiver Fl\u00fcgel\t\t\t<\/a>\n\t\t<\/h3>\n\t\t\t\t<div class=\"elementor-post__excerpt\">\n\t\t\t<p>So spielst du besser Fu\u00dfball!\u00a0 Offensiver Fl\u00fcgel Mbapp\u00e9, Vini Jr., Doku: H\u00f6chstgeschwindigkeit, Torgefahr, 1-gegen-1-Experten. Drei der absoluten Top-Spieler auf den offensiven Au\u00dfenbahnen, die alle ihre Position anders interpretieren. Sie durchbrechen<\/p>\n\t\t<\/div>\n\t\t\t\t<\/div>\n\t\t\t\t<div class=\"elementor-post__meta-data\">\n\t\t\t\t\t<span class=\"elementor-post-author\">\n\t\t\tNadine\t\t<\/span>\n\t\t\t\t<span class=\"elementor-post-date\">\n\t\t\tApril 22, 2024\t\t<\/span>\n\t\t\t\t<\/div>\n\t\t\t\t\t<\/div>\n\t\t<\/article>\n\t\t\t\t<article class=\"elementor-post elementor-grid-item post-10970 post type-post status-publish format-standard has-post-thumbnail hentry category-interviews tag-frauenfussball tag-profi\" role=\"listitem\">\n\t\t\t<div class=\"elementor-post__card\">\n\t\t\t\t<a class=\"elementor-post__thumbnail__link\" href=\"https:\/\/bolzplatz-magazin.com\/en\/interviews-dina-orschmann\/\" tabindex=\"-1\" ><div class=\"elementor-post__thumbnail\"><img loading=\"lazy\" decoding=\"async\" width=\"300\" height=\"211\" src=\"https:\/\/bolzplatz-magazin.com\/wp-content\/uploads\/2023\/10\/imago1033573319h-300x211.jpg\" class=\"attachment-medium size-medium wp-image-10975\" alt=\"\" srcset=\"https:\/\/bolzplatz-magazin.com\/wp-content\/uploads\/2023\/10\/imago1033573319h-300x211.jpg 300w, https:\/\/bolzplatz-magazin.com\/wp-content\/uploads\/2023\/10\/imago1033573319h-1024x720.jpg 1024w, https:\/\/bolzplatz-magazin.com\/wp-content\/uploads\/2023\/10\/imago1033573319h-768x540.jpg 768w, https:\/\/bolzplatz-magazin.com\/wp-content\/uploads\/2023\/10\/imago1033573319h-1536x1080.jpg 1536w, https:\/\/bolzplatz-magazin.com\/wp-content\/uploads\/2023\/10\/imago1033573319h-2048x1440.jpg 2048w, https:\/\/bolzplatz-magazin.com\/wp-content\/uploads\/2023\/10\/imago1033573319h-18x12.jpg 18w, https:\/\/bolzplatz-magazin.com\/wp-content\/uploads\/2023\/10\/imago1033573319h-600x422.jpg 600w\" sizes=\"(max-width: 300px) 100vw, 300px\" \/><\/div><\/a>\n\t\t\t\t<div class=\"elementor-post__badge\">Interviews<\/div>\n\t\t\t\t<div class=\"elementor-post__text\">\n\t\t\t\t<h3 class=\"elementor-post__title\">\n\t\t\t<a href=\"https:\/\/bolzplatz-magazin.com\/en\/interviews-dina-orschmann\/\" >\n\t\t\t\tDina Orschmann\t\t\t<\/a>\n\t\t<\/h3>\n\t\t\t\t<div class=\"elementor-post__excerpt\">\n\t\t\t<p>Dina Orschmann ist Profi-Spielerin bei Union Berlin, ehemalige U-Nationalspielerin und hat ein Buch f\u00fcr M\u00e4dchen geschrieben, die eine Profikarriere im Fu\u00dfball anstreben. In der ersten BOLZPLATZ Ausgabe findet ihr ein<\/p>\n\t\t<\/div>\n\t\t\t\t<\/div>\n\t\t\t\t<div class=\"elementor-post__meta-data\">\n\t\t\t\t\t<span class=\"elementor-post-author\">\n\t\t\tNadine\t\t<\/span>\n\t\t\t\t<span class=\"elementor-post-date\">\n\t\t\tOctober 23, 2023\t\t<\/span>\n\t\t\t\t<\/div>\n\t\t\t\t\t<\/div>\n\t\t<\/article>\n\t\t\t\t<\/div>\n\t\t\n\t\t\t\t\t\t<\/div>\n\t\t\t\t<\/div>\n\t\t\t\t\t<\/div>\n\t\t<\/div>\n\t\t\t\t\t<\/div>\n\t\t<\/section>\n\t\t\t\t<\/div>","protected":false},"excerpt":{"rendered":"<p>Auf der Suche nach dem n\u00e4chsten Nachwuchsstar: Wer wird der beste junge Spieler der EM 2024? Die Europameisterschaft 2024 steht vor der T\u00fcr und Fu\u00dfballfans weltweit sind gespannt darauf, welche [&hellip;]<\/p>\n","protected":false},"author":2,"featured_media":11125,"comment_status":"open","ping_status":"open","sticky":false,"template":"","format":"standard","meta":{"footnotes":""},"categories":[86],"tags":[110,111,52],"class_list":["post-11078","post","type-post","status-publish","format-standard","has-post-thumbnail","hentry","category-stories","tag-em","tag-nachwuchsstars","tag-team"],"yoast_head":"<!-- This site is optimized with the Yoast SEO plugin v27.4 - https:\/\/yoast.com\/product\/yoast-seo-wordpress\/ -->\n<title>Die Nachwuchsstars der EM - Bolzplatz-Magazin<\/title>\n<meta name=\"robots\" content=\"index, follow, max-snippet:-1, max-image-preview:large, max-video-preview:-1\" \/>\n<link rel=\"canonical\" href=\"https:\/\/bolzplatz-magazin.com\/en\/die-nachwuchsstars-der-em\/\" \/>\n<meta property=\"og:locale\" content=\"en_US\" \/>\n<meta property=\"og:type\" content=\"article\" \/>\n<meta property=\"og:title\" content=\"Die Nachwuchsstars der EM - Bolzplatz-Magazin\" \/>\n<meta property=\"og:description\" content=\"Auf der Suche nach dem n\u00e4chsten Nachwuchsstar: Wer wird der beste junge Spieler der EM 2024? Die Europameisterschaft 2024 steht vor der T\u00fcr und Fu\u00dfballfans weltweit sind gespannt darauf, welche [&hellip;]\" \/>\n<meta property=\"og:url\" content=\"https:\/\/bolzplatz-magazin.com\/en\/die-nachwuchsstars-der-em\/\" \/>\n<meta property=\"og:site_name\" content=\"Bolzplatz-Magazin\" \/>\n<meta property=\"article:published_time\" content=\"2024-04-22T09:17:46+00:00\" \/>\n<meta property=\"article:modified_time\" content=\"2024-04-30T10:34:33+00:00\" \/>\n<meta property=\"og:image\" content=\"https:\/\/bolzplatz-magazin.com\/wp-content\/uploads\/2024\/04\/imago1043284264h-scaled.jpg\" \/>\n\t<meta property=\"og:image:width\" content=\"2560\" \/>\n\t<meta property=\"og:image:height\" content=\"1640\" \/>\n\t<meta property=\"og:image:type\" content=\"image\/jpeg\" \/>\n<meta name=\"author\" content=\"Nadine\" \/>\n<meta name=\"twitter:card\" content=\"summary_large_image\" \/>\n<meta name=\"twitter:label1\" content=\"Written by\" \/>\n\t<meta name=\"twitter:data1\" content=\"Nadine\" \/>\n\t<meta name=\"twitter:label2\" content=\"Est. reading time\" \/>\n\t<meta name=\"twitter:data2\" content=\"8 minutes\" \/>\n<script type=\"application\/ld+json\" class=\"yoast-schema-graph\">{\"@context\":\"https:\\\/\\\/schema.org\",\"@graph\":[{\"@type\":\"Article\",\"@id\":\"https:\\\/\\\/bolzplatz-magazin.com\\\/die-nachwuchsstars-der-em\\\/#article\",\"isPartOf\":{\"@id\":\"https:\\\/\\\/bolzplatz-magazin.com\\\/die-nachwuchsstars-der-em\\\/\"},\"author\":{\"name\":\"Nadine\",\"@id\":\"https:\\\/\\\/bolzplatz-magazin.com\\\/#\\\/schema\\\/person\\\/5fe485f2042574d8cb4f1b2edb264d39\"},\"headline\":\"Die Nachwuchsstars der EM\",\"datePublished\":\"2024-04-22T09:17:46+00:00\",\"dateModified\":\"2024-04-30T10:34:33+00:00\",\"mainEntityOfPage\":{\"@id\":\"https:\\\/\\\/bolzplatz-magazin.com\\\/die-nachwuchsstars-der-em\\\/\"},\"wordCount\":726,\"commentCount\":0,\"publisher\":{\"@id\":\"https:\\\/\\\/bolzplatz-magazin.com\\\/#organization\"},\"image\":{\"@id\":\"https:\\\/\\\/bolzplatz-magazin.com\\\/die-nachwuchsstars-der-em\\\/#primaryimage\"},\"thumbnailUrl\":\"https:\\\/\\\/bolzplatz-magazin.com\\\/wp-content\\\/uploads\\\/2024\\\/04\\\/imago1043284264h-scaled.jpg\",\"keywords\":[\"EM\",\"Nachwuchsstars\",\"Team\"],\"articleSection\":[\"Stories\"],\"inLanguage\":\"en-US\",\"potentialAction\":[{\"@type\":\"CommentAction\",\"name\":\"Comment\",\"target\":[\"https:\\\/\\\/bolzplatz-magazin.com\\\/die-nachwuchsstars-der-em\\\/#respond\"]}]},{\"@type\":\"WebPage\",\"@id\":\"https:\\\/\\\/bolzplatz-magazin.com\\\/die-nachwuchsstars-der-em\\\/\",\"url\":\"https:\\\/\\\/bolzplatz-magazin.com\\\/die-nachwuchsstars-der-em\\\/\",\"name\":\"Die Nachwuchsstars der EM - Bolzplatz-Magazin\",\"isPartOf\":{\"@id\":\"https:\\\/\\\/bolzplatz-magazin.com\\\/#website\"},\"primaryImageOfPage\":{\"@id\":\"https:\\\/\\\/bolzplatz-magazin.com\\\/die-nachwuchsstars-der-em\\\/#primaryimage\"},\"image\":{\"@id\":\"https:\\\/\\\/bolzplatz-magazin.com\\\/die-nachwuchsstars-der-em\\\/#primaryimage\"},\"thumbnailUrl\":\"https:\\\/\\\/bolzplatz-magazin.com\\\/wp-content\\\/uploads\\\/2024\\\/04\\\/imago1043284264h-scaled.jpg\",\"datePublished\":\"2024-04-22T09:17:46+00:00\",\"dateModified\":\"2024-04-30T10:34:33+00:00\",\"breadcrumb\":{\"@id\":\"https:\\\/\\\/bolzplatz-magazin.com\\\/die-nachwuchsstars-der-em\\\/#breadcrumb\"},\"inLanguage\":\"en-US\",\"potentialAction\":[{\"@type\":\"ReadAction\",\"target\":[\"https:\\\/\\\/bolzplatz-magazin.com\\\/die-nachwuchsstars-der-em\\\/\"]}]},{\"@type\":\"ImageObject\",\"inLanguage\":\"en-US\",\"@id\":\"https:\\\/\\\/bolzplatz-magazin.com\\\/die-nachwuchsstars-der-em\\\/#primaryimage\",\"url\":\"https:\\\/\\\/bolzplatz-magazin.com\\\/wp-content\\\/uploads\\\/2024\\\/04\\\/imago1043284264h-scaled.jpg\",\"contentUrl\":\"https:\\\/\\\/bolzplatz-magazin.com\\\/wp-content\\\/uploads\\\/2024\\\/04\\\/imago1043284264h-scaled.jpg\",\"width\":2560,\"height\":1640,\"caption\":\"Florian Wirtz am Ball\"},{\"@type\":\"BreadcrumbList\",\"@id\":\"https:\\\/\\\/bolzplatz-magazin.com\\\/die-nachwuchsstars-der-em\\\/#breadcrumb\",\"itemListElement\":[{\"@type\":\"ListItem\",\"position\":1,\"name\":\"Startseite\",\"item\":\"https:\\\/\\\/bolzplatz-magazin.com\\\/\"},{\"@type\":\"ListItem\",\"position\":2,\"name\":\"Die Nachwuchsstars der EM\"}]},{\"@type\":\"WebSite\",\"@id\":\"https:\\\/\\\/bolzplatz-magazin.com\\\/#website\",\"url\":\"https:\\\/\\\/bolzplatz-magazin.com\\\/\",\"name\":\"Bolzplatz-Magazin\",\"description\":\"Online-Fu\u00dfball-Magazin f\u00fcr Kinder\",\"publisher\":{\"@id\":\"https:\\\/\\\/bolzplatz-magazin.com\\\/#organization\"},\"potentialAction\":[{\"@type\":\"SearchAction\",\"target\":{\"@type\":\"EntryPoint\",\"urlTemplate\":\"https:\\\/\\\/bolzplatz-magazin.com\\\/?s={search_term_string}\"},\"query-input\":{\"@type\":\"PropertyValueSpecification\",\"valueRequired\":true,\"valueName\":\"search_term_string\"}}],\"inLanguage\":\"en-US\"},{\"@type\":\"Organization\",\"@id\":\"https:\\\/\\\/bolzplatz-magazin.com\\\/#organization\",\"name\":\"Bolzplatz-Magazin\",\"url\":\"https:\\\/\\\/bolzplatz-magazin.com\\\/\",\"logo\":{\"@type\":\"ImageObject\",\"inLanguage\":\"en-US\",\"@id\":\"https:\\\/\\\/bolzplatz-magazin.com\\\/#\\\/schema\\\/logo\\\/image\\\/\",\"url\":\"https:\\\/\\\/bolzplatz-magazin.com\\\/wp-content\\\/uploads\\\/2023\\\/01\\\/cropped-Football-Icon.png\",\"contentUrl\":\"https:\\\/\\\/bolzplatz-magazin.com\\\/wp-content\\\/uploads\\\/2023\\\/01\\\/cropped-Football-Icon.png\",\"width\":100,\"height\":100,\"caption\":\"Bolzplatz-Magazin\"},\"image\":{\"@id\":\"https:\\\/\\\/bolzplatz-magazin.com\\\/#\\\/schema\\\/logo\\\/image\\\/\"},\"sameAs\":[\"https:\\\/\\\/www.instagram.com\\\/bolzplatzmag\\\/\",\"https:\\\/\\\/www.tiktok.com\\\/@bolzplatzmag\",\"https:\\\/\\\/www.youtube.com\\\/@bolzplatzmag\"]},{\"@type\":\"Person\",\"@id\":\"https:\\\/\\\/bolzplatz-magazin.com\\\/#\\\/schema\\\/person\\\/5fe485f2042574d8cb4f1b2edb264d39\",\"name\":\"Nadine\",\"image\":{\"@type\":\"ImageObject\",\"inLanguage\":\"en-US\",\"@id\":\"https:\\\/\\\/secure.gravatar.com\\\/avatar\\\/c27a74137faf6317fd404ddb915594cc6df8dfe14720374df3b04a1c4cbb5062?s=96&d=mm&r=g\",\"url\":\"https:\\\/\\\/secure.gravatar.com\\\/avatar\\\/c27a74137faf6317fd404ddb915594cc6df8dfe14720374df3b04a1c4cbb5062?s=96&d=mm&r=g\",\"contentUrl\":\"https:\\\/\\\/secure.gravatar.com\\\/avatar\\\/c27a74137faf6317fd404ddb915594cc6df8dfe14720374df3b04a1c4cbb5062?s=96&d=mm&r=g\",\"caption\":\"Nadine\"},\"url\":\"https:\\\/\\\/bolzplatz-magazin.com\\\/en\\\/author\\\/nadine\\\/\"}]}<\/script>\n<!-- \/ Yoast SEO plugin. -->","yoast_head_json":{"title":"Die Nachwuchsstars der EM - Bolzplatz-Magazin","robots":{"index":"index","follow":"follow","max-snippet":"max-snippet:-1","max-image-preview":"max-image-preview:large","max-video-preview":"max-video-preview:-1"},"canonical":"https:\/\/bolzplatz-magazin.com\/en\/die-nachwuchsstars-der-em\/","og_locale":"en_US","og_type":"article","og_title":"Die Nachwuchsstars der EM - Bolzplatz-Magazin","og_description":"Auf der Suche nach dem n\u00e4chsten Nachwuchsstar: Wer wird der beste junge Spieler der EM 2024? Die Europameisterschaft 2024 steht vor der T\u00fcr und Fu\u00dfballfans weltweit sind gespannt darauf, welche [&hellip;]","og_url":"https:\/\/bolzplatz-magazin.com\/en\/die-nachwuchsstars-der-em\/","og_site_name":"Bolzplatz-Magazin","article_published_time":"2024-04-22T09:17:46+00:00","article_modified_time":"2024-04-30T10:34:33+00:00","og_image":[{"width":2560,"height":1640,"url":"https:\/\/bolzplatz-magazin.com\/wp-content\/uploads\/2024\/04\/imago1043284264h-scaled.jpg","type":"image\/jpeg"}],"author":"Nadine","twitter_card":"summary_large_image","twitter_misc":{"Written by":"Nadine","Est. reading time":"8 minutes"},"schema":{"@context":"https:\/\/schema.org","@graph":[{"@type":"Article","@id":"https:\/\/bolzplatz-magazin.com\/die-nachwuchsstars-der-em\/#article","isPartOf":{"@id":"https:\/\/bolzplatz-magazin.com\/die-nachwuchsstars-der-em\/"},"author":{"name":"Nadine","@id":"https:\/\/bolzplatz-magazin.com\/#\/schema\/person\/5fe485f2042574d8cb4f1b2edb264d39"},"headline":"Die Nachwuchsstars der EM","datePublished":"2024-04-22T09:17:46+00:00","dateModified":"2024-04-30T10:34:33+00:00","mainEntityOfPage":{"@id":"https:\/\/bolzplatz-magazin.com\/die-nachwuchsstars-der-em\/"},"wordCount":726,"commentCount":0,"publisher":{"@id":"https:\/\/bolzplatz-magazin.com\/#organization"},"image":{"@id":"https:\/\/bolzplatz-magazin.com\/die-nachwuchsstars-der-em\/#primaryimage"},"thumbnailUrl":"https:\/\/bolzplatz-magazin.com\/wp-content\/uploads\/2024\/04\/imago1043284264h-scaled.jpg","keywords":["EM","Nachwuchsstars","Team"],"articleSection":["Stories"],"inLanguage":"en-US","potentialAction":[{"@type":"CommentAction","name":"Comment","target":["https:\/\/bolzplatz-magazin.com\/die-nachwuchsstars-der-em\/#respond"]}]},{"@type":"WebPage","@id":"https:\/\/bolzplatz-magazin.com\/die-nachwuchsstars-der-em\/","url":"https:\/\/bolzplatz-magazin.com\/die-nachwuchsstars-der-em\/","name":"Die Nachwuchsstars der EM - Bolzplatz-Magazin","isPartOf":{"@id":"https:\/\/bolzplatz-magazin.com\/#website"},"primaryImageOfPage":{"@id":"https:\/\/bolzplatz-magazin.com\/die-nachwuchsstars-der-em\/#primaryimage"},"image":{"@id":"https:\/\/bolzplatz-magazin.com\/die-nachwuchsstars-der-em\/#primaryimage"},"thumbnailUrl":"https:\/\/bolzplatz-magazin.com\/wp-content\/uploads\/2024\/04\/imago1043284264h-scaled.jpg","datePublished":"2024-04-22T09:17:46+00:00","dateModified":"2024-04-30T10:34:33+00:00","breadcrumb":{"@id":"https:\/\/bolzplatz-magazin.com\/die-nachwuchsstars-der-em\/#breadcrumb"},"inLanguage":"en-US","potentialAction":[{"@type":"ReadAction","target":["https:\/\/bolzplatz-magazin.com\/die-nachwuchsstars-der-em\/"]}]},{"@type":"ImageObject","inLanguage":"en-US","@id":"https:\/\/bolzplatz-magazin.com\/die-nachwuchsstars-der-em\/#primaryimage","url":"https:\/\/bolzplatz-magazin.com\/wp-content\/uploads\/2024\/04\/imago1043284264h-scaled.jpg","contentUrl":"https:\/\/bolzplatz-magazin.com\/wp-content\/uploads\/2024\/04\/imago1043284264h-scaled.jpg","width":2560,"height":1640,"caption":"Florian Wirtz am Ball"},{"@type":"BreadcrumbList","@id":"https:\/\/bolzplatz-magazin.com\/die-nachwuchsstars-der-em\/#breadcrumb","itemListElement":[{"@type":"ListItem","position":1,"name":"Startseite","item":"https:\/\/bolzplatz-magazin.com\/"},{"@type":"ListItem","position":2,"name":"Die Nachwuchsstars der EM"}]},{"@type":"WebSite","@id":"https:\/\/bolzplatz-magazin.com\/#website","url":"https:\/\/bolzplatz-magazin.com\/","name":"Bolzplatz-Magazin","description":"Online-Fu\u00dfball-Magazin f\u00fcr Kinder","publisher":{"@id":"https:\/\/bolzplatz-magazin.com\/#organization"},"potentialAction":[{"@type":"SearchAction","target":{"@type":"EntryPoint","urlTemplate":"https:\/\/bolzplatz-magazin.com\/?s={search_term_string}"},"query-input":{"@type":"PropertyValueSpecification","valueRequired":true,"valueName":"search_term_string"}}],"inLanguage":"en-US"},{"@type":"Organization","@id":"https:\/\/bolzplatz-magazin.com\/#organization","name":"Bolzplatz-Magazin","url":"https:\/\/bolzplatz-magazin.com\/","logo":{"@type":"ImageObject","inLanguage":"en-US","@id":"https:\/\/bolzplatz-magazin.com\/#\/schema\/logo\/image\/","url":"https:\/\/bolzplatz-magazin.com\/wp-content\/uploads\/2023\/01\/cropped-Football-Icon.png","contentUrl":"https:\/\/bolzplatz-magazin.com\/wp-content\/uploads\/2023\/01\/cropped-Football-Icon.png","width":100,"height":100,"caption":"Bolzplatz-Magazin"},"image":{"@id":"https:\/\/bolzplatz-magazin.com\/#\/schema\/logo\/image\/"},"sameAs":["https:\/\/www.instagram.com\/bolzplatzmag\/","https:\/\/www.tiktok.com\/@bolzplatzmag","https:\/\/www.youtube.com\/@bolzplatzmag"]},{"@type":"Person","@id":"https:\/\/bolzplatz-magazin.com\/#\/schema\/person\/5fe485f2042574d8cb4f1b2edb264d39","name":"Nadine","image":{"@type":"ImageObject","inLanguage":"en-US","@id":"https:\/\/secure.gravatar.com\/avatar\/c27a74137faf6317fd404ddb915594cc6df8dfe14720374df3b04a1c4cbb5062?s=96&d=mm&r=g","url":"https:\/\/secure.gravatar.com\/avatar\/c27a74137faf6317fd404ddb915594cc6df8dfe14720374df3b04a1c4cbb5062?s=96&d=mm&r=g","contentUrl":"https:\/\/secure.gravatar.com\/avatar\/c27a74137faf6317fd404ddb915594cc6df8dfe14720374df3b04a1c4cbb5062?s=96&d=mm&r=g","caption":"Nadine"},"url":"https:\/\/bolzplatz-magazin.com\/en\/author\/nadine\/"}]}},"_links":{"self":[{"href":"https:\/\/bolzplatz-magazin.com\/en\/wp-json\/wp\/v2\/posts\/11078","targetHints":{"allow":["GET"]}}],"collection":[{"href":"https:\/\/bolzplatz-magazin.com\/en\/wp-json\/wp\/v2\/posts"}],"about":[{"href":"https:\/\/bolzplatz-magazin.com\/en\/wp-json\/wp\/v2\/types\/post"}],"author":[{"embeddable":true,"href":"https:\/\/bolzplatz-magazin.com\/en\/wp-json\/wp\/v2\/users\/2"}],"replies":[{"embeddable":true,"href":"https:\/\/bolzplatz-magazin.com\/en\/wp-json\/wp\/v2\/comments?post=11078"}],"version-history":[{"count":10,"href":"https:\/\/bolzplatz-magazin.com\/en\/wp-json\/wp\/v2\/posts\/11078\/revisions"}],"predecessor-version":[{"id":11140,"href":"https:\/\/bolzplatz-magazin.com\/en\/wp-json\/wp\/v2\/posts\/11078\/revisions\/11140"}],"wp:featuredmedia":[{"embeddable":true,"href":"https:\/\/bolzplatz-magazin.com\/en\/wp-json\/wp\/v2\/media\/11125"}],"wp:attachment":[{"href":"https:\/\/bolzplatz-magazin.com\/en\/wp-json\/wp\/v2\/media?parent=11078"}],"wp:term":[{"taxonomy":"category","embeddable":true,"href":"https:\/\/bolzplatz-magazin.com\/en\/wp-json\/wp\/v2\/categories?post=11078"},{"taxonomy":"post_tag","embeddable":true,"href":"https:\/\/bolzplatz-magazin.com\/en\/wp-json\/wp\/v2\/tags?post=11078"}],"curies":[{"name":"wp","href":"https:\/\/api.w.org\/{rel}","templated":true}]}}